{"id":4451,"date":"2026-03-11T18:39:14","date_gmt":"2026-03-12T00:39:14","guid":{"rendered":"https:\/\/elbocon.com.mx\/?p=4451"},"modified":"2026-03-11T18:39:28","modified_gmt":"2026-03-12T00:39:28","slug":"una-de-las-victimas-del-derrumbe-del-edificio-en-san-antonio-abad-era-originaria-de-hidalgo","status":"publish","type":"post","link":"https:\/\/elbocon.com.mx\/?p=4451","title":{"rendered":"Una de las v\u00edctimas del derrumbe del edificio en San Antonio Abad era originaria de Hidalgo"},"content":{"rendered":"\n<p>EL BOC\u00d3N<\/p>\n\n\n\n<p>Pachuca.&#8212;&#8212; Una de las personas que perdi\u00f3 la vida tras el derrumbe de un edificio en la zona de San Antonio Abad, en la Ciudad de M\u00e9xico, era originaria del estado de Hidalgo.<\/p>\n\n\n\n<p>De acuerdo con informaci\u00f3n proporcionada por la titular de la Secretar\u00eda de Gesti\u00f3n Integral de Riesgos y Protecci\u00f3n Civil, Myriam Urz\u00faa, las familias de los tres trabajadores fallecidos son originarias de Hidalgo, Veracruz y el Estado de M\u00e9xico.<\/p>\n\n\n\n<p>La funcionaria inform\u00f3 en conferencia de prensa que desde el primer momento se brind\u00f3 acompa\u00f1amiento a los familiares de las v\u00edctimas y se trabaja para que la empresa responsable de las labores cubra los gastos correspondientes.<\/p>\n\n\n\n<p>Horas antes de la actualizaci\u00f3n oficial del informe fue localizado el tercer cuerpo entre los escombros.<\/p>\n\n\n\n<p>Las v\u00edctimas ten\u00edan 40, 33 y 30 a\u00f1os de edad, y se encontraban en el primer nivel del inmueble durante su hora de comida cuando ocurri\u00f3 el colapso.<\/p>\n\n\n\n<p>En el incidente tambi\u00e9n result\u00f3 lesionado un trabajador de 45 a\u00f1os, quien logr\u00f3 sobrevivir y actualmente permanece bajo atenci\u00f3n m\u00e9dica en el Hospital Rub\u00e9n Le\u00f1ero.<\/p>\n\n\n\n<p>El edificio que colaps\u00f3 se encontraba en proceso de demolici\u00f3n a cargo de la empresa DeMet, luego de que tras los sismos de 1985 y 2017 se detectaran severos da\u00f1os estructurales en el inmueble.<\/p>\n","protected":false},"excerpt":{"rendered":"<p>EL BOC\u00d3N Pachuca.&#8212;&#8212; Una de las personas que perdi\u00f3 la vida tras el derrumbe de&#8230;<\/p>\n","protected":false},"author":1,"featured_media":4450,"comment_status":"open","ping_status":"open","sticky":false,"template":"","format":"standard","meta":{"om_disable_all_campaigns":false,"footnotes":""},"categories":[3],"tags":[1204],"class_list":["post-4451","post","type-post","status-publish","format-standard","has-post-thumbnail","hentry","category-cdmx","tag-una-de-las-victimas-del-derrumbe-del-edificio-en-san-antonio-abad-era-originaria-de-hidalgo"],"featured_image_urls":{"full":["https:\/\/elbocon.com.mx\/wp-content\/uploads\/2026\/03\/FB_IMG_1773275904556.jpg",800,450,false],"thumbnail":["https:\/\/elbocon.com.mx\/wp-content\/uploads\/2026\/03\/FB_IMG_1773275904556-150x150.jpg",150,150,true],"medium":["https:\/\/elbocon.com.mx\/wp-content\/uploads\/2026\/03\/FB_IMG_1773275904556-300x169.jpg",300,169,true],"medium_large":["https:\/\/elbocon.com.mx\/wp-content\/uploads\/2026\/03\/FB_IMG_1773275904556-768x432.jpg",640,360,true],"large":["https:\/\/elbocon.com.mx\/wp-content\/uploads\/2026\/03\/FB_IMG_1773275904556.jpg",640,360,false],"1536x1536":["https:\/\/elbocon.com.mx\/wp-content\/uploads\/2026\/03\/FB_IMG_1773275904556.jpg",800,450,false],"2048x2048":["https:\/\/elbocon.com.mx\/wp-content\/uploads\/2026\/03\/FB_IMG_1773275904556.jpg",800,450,false],"covernews-featured":["https:\/\/elbocon.com.mx\/wp-content\/uploads\/2026\/03\/FB_IMG_1773275904556.jpg",800,450,false],"covernews-medium":["https:\/\/elbocon.com.mx\/wp-content\/uploads\/2026\/03\/FB_IMG_1773275904556-540x340.jpg",540,340,true]},"author_info":{"info":["EL BOC\u00d3N"]},"category_info":"<a href=\"https:\/\/elbocon.com.mx\/?cat=3\" rel=\"category\">CDMX<\/a>","tag_info":"CDMX","comment_count":"0","_links":{"self":[{"href":"https:\/\/elbocon.com.mx\/index.php?rest_route=\/wp\/v2\/posts\/4451","targetHints":{"allow":["GET"]}}],"collection":[{"href":"https:\/\/elbocon.com.mx\/index.php?rest_route=\/wp\/v2\/posts"}],"about":[{"href":"https:\/\/elbocon.com.mx\/index.php?rest_route=\/wp\/v2\/types\/post"}],"author":[{"embeddable":true,"href":"https:\/\/elbocon.com.mx\/index.php?rest_route=\/wp\/v2\/users\/1"}],"replies":[{"embeddable":true,"href":"https:\/\/elbocon.com.mx\/index.php?rest_route=%2Fwp%2Fv2%2Fcomments&post=4451"}],"version-history":[{"count":1,"href":"https:\/\/elbocon.com.mx\/index.php?rest_route=\/wp\/v2\/posts\/4451\/revisions"}],"predecessor-version":[{"id":4452,"href":"https:\/\/elbocon.com.mx\/index.php?rest_route=\/wp\/v2\/posts\/4451\/revisions\/4452"}],"wp:featuredmedia":[{"embeddable":true,"href":"https:\/\/elbocon.com.mx\/index.php?rest_route=\/wp\/v2\/media\/4450"}],"wp:attachment":[{"href":"https:\/\/elbocon.com.mx\/index.php?rest_route=%2Fwp%2Fv2%2Fmedia&parent=4451"}],"wp:term":[{"taxonomy":"category","embeddable":true,"href":"https:\/\/elbocon.com.mx\/index.php?rest_route=%2Fwp%2Fv2%2Fcategories&post=4451"},{"taxonomy":"post_tag","embeddable":true,"href":"https:\/\/elbocon.com.mx\/index.php?rest_route=%2Fwp%2Fv2%2Ftags&post=4451"}],"curies":[{"name":"wp","href":"https:\/\/api.w.org\/{rel}","templated":true}]}}