{"id":4460,"date":"2026-03-13T12:10:43","date_gmt":"2026-03-13T18:10:43","guid":{"rendered":"https:\/\/elbocon.com.mx\/?p=4460"},"modified":"2026-03-13T12:11:55","modified_gmt":"2026-03-13T18:11:55","slug":"heridas-invisibles-desde-el-espacio-digital","status":"publish","type":"post","link":"https:\/\/elbocon.com.mx\/?p=4460","title":{"rendered":"Heridas invisibles desde el espacio digital"},"content":{"rendered":"\n<p>CHARLAS DE TABERNA<\/p>\n\n\n\n<p>MARCOS H. VALERIO<\/p>\n\n\n\n<p>El tel\u00e9fono vibra con una notificaci\u00f3n tras otra. Un mensaje an\u00f3nimo con insultos por la apariencia, una foto \u00edntima compartida sin consentimiento, amenazas de exponer informaci\u00f3n personal. Lo que parece un simple acto en pantalla se convierte en un golpe que se siente en el est\u00f3mago, en el pecho, en la cabeza.<\/p>\n\n\n\n<p>La violencia digital no es abstracta ni lejana: Es material, atraviesa el cuerpo de las mujeres y deja secuelas profundas, tal como lo explica la profesora de la Facultad de Ciencias Pol\u00edticas y Sociales de la UNAM y de la Universidad Pedag\u00f3gica Nacional, Luz Mar\u00eda Garay Cruz.<\/p>\n\n\n\n<p>\u201cM\u00e1s all\u00e1 de definirla o tipificarla, lo importante es comprender que se trata de algo real para entender su impacto. Lo digital permite una reproducci\u00f3n y viralidad de los ataques y esto tiene consecuencias en el cuerpo\u201d, afirma la acad\u00e9mica, quien ha dedicado a\u00f1os a investigar y trabajar en proyectos de prevenci\u00f3n de violencia digital, particularmente entre universitarias.<\/p>\n\n\n\n<p>Los datos del M\u00f3dulo sobre Ciberacoso (MOCIBA) 2024 del INEGI confirman la dimensi\u00f3n del problema: de las 90.3 millones de personas que usaron internet en M\u00e9xico (de 12 a\u00f1os o m\u00e1s), 18.9 millones sufrieron alguna forma de acoso cibern\u00e9tico en los \u00faltimos 12 meses.<\/p>\n\n\n\n<p>De ellas, 10.6 millones fueron mujeres, lo que representa el 22.2 por ciento de las usuarias, frente al 19.6 por ciento de los hombres. Las formas m\u00e1s frecuentes incluyen contacto mediante identidades falsas (36 por ciento), mensajes ofensivos (34 por ciento) y llamadas ofensivas (22.6 por ciento).<\/p>\n\n\n\n<p>Pero el patr\u00f3n de g\u00e9nero es claro y alarmante. Las mujeres reportan con mayor frecuencia insinuaciones o propuestas sexuales no deseadas, amenazas de difusi\u00f3n de informaci\u00f3n personal, audios o videos para extorsionar, rastreo de cuentas, provocaciones intencionales y publicaci\u00f3n o venta de im\u00e1genes de contenido sexual.<\/p>\n\n\n\n<p>En contraste, los hombres enfrentan m\u00e1s mensajes ofensivos o amenazas generales. El anonimato en redes ha potenciado pr\u00e1cticas como el \u201cgrooming\u201d: hombres adultos que se hacen pasar por j\u00f3venes para acercarse a ni\u00f1as y adolescentes, obtener fotos \u00edntimas y luego extorsionarlas con amenazas de exposici\u00f3n familiar o escolar.<\/p>\n\n\n\n<p>Garay Cruz recuerda casos documentados en periodismo de investigaci\u00f3n, como los relatados en el libro \u201cLa fosa de agua\u201d de Lydiette Carri\u00f3n, donde enga\u00f1os en l\u00ednea derivaron en desapariciones de adolescentes.<\/p>\n\n\n\n<p>\u201cEs un tema multifactorial. Entre los 12 y 16 a\u00f1os no siempre hay informaci\u00f3n sobre seguridad digital o autocuidado, y cuando ocurre, muchas no lo dicen por pena, miedo o culpa\u201d, se\u00f1ala.<\/p>\n\n\n\n<p>Las consecuencias van m\u00e1s all\u00e1 de lo emocional. V\u00edctimas relatan n\u00e1useas, dolores de cabeza intensos, ataques de ansiedad, depresi\u00f3n profunda. Algunas cambian de domicilio, de turno escolar; en casos extremos \u2014sobre todo entre j\u00f3venes y adolescentes\u2014 han atentado contra su vida. \u201cAl hablar de sus vivencias, muchas j\u00f3venes me contaban que nadie les cre\u00eda: \u2018no es real, no te peg\u00f3, no te toc\u00f3\u2019\u201d, relata la profesora. Esta desestimaci\u00f3n agrava el da\u00f1o, al invisibilizar el sufrimiento.<\/p>\n\n\n\n<p>Frente a esta realidad, la reapropiaci\u00f3n del espacio digital exige cuidados concretos y habilidades en tres niveles: instrumental (usar la tecnolog\u00eda con ventaja), cognitiva-cr\u00edtica (identificar sesgos de g\u00e9nero, discursos de odio y violencias) y comunicativa (producir contenidos propios con responsabilidad).<\/p>\n\n\n\n<p>RECOMENDACIONES PR\u00c1CTICAS<\/p>\n\n\n\n<ul class=\"wp-block-list\">\n<li>Crear contrase\u00f1as fuertes y \u00fanicas (por ejemplo: AQu3l.v3raNo), combinando may\u00fasculas, min\u00fasculas, n\u00fameros y s\u00edmbolos.<\/li>\n\n\n\n<li>Rechazar cookies innecesarias en sitios web y revisar permisos.<\/li>\n\n\n\n<li>Optar por plataformas con cifrado o perfiles privados.<\/li>\n\n\n\n<li>Conocer y aplicar las normas comunitarias de cada red, bloquear rastreadores y reportar agresiones.<\/li>\n<\/ul>\n\n\n\n<p>\u201cCada una de nosotras tiene derecho a colocar nuestros mensajes, ideas y participar en el espacio digital. Por eso necesitamos tomarnos muy en serio su reapropiaci\u00f3n\u201d, concluye la acad\u00e9mica.<\/p>\n","protected":false},"excerpt":{"rendered":"<p>CHARLAS DE TABERNA MARCOS H. VALERIO El tel\u00e9fono vibra con una notificaci\u00f3n tras otra. Un&#8230;<\/p>\n","protected":false},"author":1,"featured_media":4459,"comment_status":"open","ping_status":"open","sticky":false,"template":"","format":"standard","meta":{"om_disable_all_campaigns":false,"footnotes":""},"categories":[9],"tags":[1208],"class_list":["post-4460","post","type-post","status-publish","format-standard","has-post-thumbnail","hentry","category-opinion","tag-heridas-invisibles-desde-el-espacio-digital"],"featured_image_urls":{"full":["https:\/\/elbocon.com.mx\/wp-content\/uploads\/2026\/03\/Screenshot_20260313_121129_Google.jpg",1048,708,false],"thumbnail":["https:\/\/elbocon.com.mx\/wp-content\/uploads\/2026\/03\/Screenshot_20260313_121129_Google-150x150.jpg",150,150,true],"medium":["https:\/\/elbocon.com.mx\/wp-content\/uploads\/2026\/03\/Screenshot_20260313_121129_Google-300x203.jpg",300,203,true],"medium_large":["https:\/\/elbocon.com.mx\/wp-content\/uploads\/2026\/03\/Screenshot_20260313_121129_Google-768x519.jpg",640,433,true],"large":["https:\/\/elbocon.com.mx\/wp-content\/uploads\/2026\/03\/Screenshot_20260313_121129_Google-1024x692.jpg",640,433,true],"1536x1536":["https:\/\/elbocon.com.mx\/wp-content\/uploads\/2026\/03\/Screenshot_20260313_121129_Google.jpg",1048,708,false],"2048x2048":["https:\/\/elbocon.com.mx\/wp-content\/uploads\/2026\/03\/Screenshot_20260313_121129_Google.jpg",1048,708,false],"covernews-featured":["https:\/\/elbocon.com.mx\/wp-content\/uploads\/2026\/03\/Screenshot_20260313_121129_Google-1024x692.jpg",1024,692,true],"covernews-medium":["https:\/\/elbocon.com.mx\/wp-content\/uploads\/2026\/03\/Screenshot_20260313_121129_Google-540x340.jpg",540,340,true]},"author_info":{"info":["EL BOC\u00d3N"]},"category_info":"<a href=\"https:\/\/elbocon.com.mx\/?cat=9\" rel=\"category\">Opini\u00f3n<\/a>","tag_info":"Opini\u00f3n","comment_count":"0","_links":{"self":[{"href":"https:\/\/elbocon.com.mx\/index.php?rest_route=\/wp\/v2\/posts\/4460","targetHints":{"allow":["GET"]}}],"collection":[{"href":"https:\/\/elbocon.com.mx\/index.php?rest_route=\/wp\/v2\/posts"}],"about":[{"href":"https:\/\/elbocon.com.mx\/index.php?rest_route=\/wp\/v2\/types\/post"}],"author":[{"embeddable":true,"href":"https:\/\/elbocon.com.mx\/index.php?rest_route=\/wp\/v2\/users\/1"}],"replies":[{"embeddable":true,"href":"https:\/\/elbocon.com.mx\/index.php?rest_route=%2Fwp%2Fv2%2Fcomments&post=4460"}],"version-history":[{"count":1,"href":"https:\/\/elbocon.com.mx\/index.php?rest_route=\/wp\/v2\/posts\/4460\/revisions"}],"predecessor-version":[{"id":4461,"href":"https:\/\/elbocon.com.mx\/index.php?rest_route=\/wp\/v2\/posts\/4460\/revisions\/4461"}],"wp:featuredmedia":[{"embeddable":true,"href":"https:\/\/elbocon.com.mx\/index.php?rest_route=\/wp\/v2\/media\/4459"}],"wp:attachment":[{"href":"https:\/\/elbocon.com.mx\/index.php?rest_route=%2Fwp%2Fv2%2Fmedia&parent=4460"}],"wp:term":[{"taxonomy":"category","embeddable":true,"href":"https:\/\/elbocon.com.mx\/index.php?rest_route=%2Fwp%2Fv2%2Fcategories&post=4460"},{"taxonomy":"post_tag","embeddable":true,"href":"https:\/\/elbocon.com.mx\/index.php?rest_route=%2Fwp%2Fv2%2Ftags&post=4460"}],"curies":[{"name":"wp","href":"https:\/\/api.w.org\/{rel}","templated":true}]}}