{"id":4463,"date":"2026-03-13T12:14:27","date_gmt":"2026-03-13T18:14:27","guid":{"rendered":"https:\/\/elbocon.com.mx\/?p=4463"},"modified":"2026-03-13T12:14:48","modified_gmt":"2026-03-13T18:14:48","slug":"murio-el-padre-del-delantero-raul-jimenez-originario-de-tepeji-del-rio","status":"publish","type":"post","link":"https:\/\/elbocon.com.mx\/?p=4463","title":{"rendered":"Muri\u00f3 el padre del delantero Ra\u00fal Jim\u00e9nez, originario de Tepeji del R\u00edo"},"content":{"rendered":"\n<p>El BOC\u00d3N <\/p>\n\n\n\n<p>Muri\u00f3 el padre del delantero Ra\u00fal Jim\u00e9nez, originario de Tepeji del R\u00edo, de nombre Ra\u00fal Jim\u00e9nez Vega a la edad de 62 a\u00f1os, fuerza para el mejor futbolista que tiene M\u00e9xico que ser\u00e1 pieza fundamental en el pr\u00f3ximo mundial que actualmente brilla en el Fulham de Inglaterra.<\/p>\n","protected":false},"excerpt":{"rendered":"<p>El BOC\u00d3N Muri\u00f3 el padre del delantero Ra\u00fal Jim\u00e9nez, originario de Tepeji del R\u00edo, de&#8230;<\/p>\n","protected":false},"author":1,"featured_media":4462,"comment_status":"open","ping_status":"open","sticky":false,"template":"","format":"standard","meta":{"om_disable_all_campaigns":false,"footnotes":""},"categories":[10],"tags":[1211,1209,1210],"class_list":["post-4463","post","type-post","status-publish","format-standard","has-post-thumbnail","hentry","category-deportes","tag-1211","tag-murio-el-padre-del-delantero-raul-jimenez","tag-originario-de-tepeji-del-rio"],"featured_image_urls":{"full":["https:\/\/elbocon.com.mx\/wp-content\/uploads\/2026\/03\/FB_IMG_1773425595141.jpg",1024,1536,false],"thumbnail":["https:\/\/elbocon.com.mx\/wp-content\/uploads\/2026\/03\/FB_IMG_1773425595141-150x150.jpg",150,150,true],"medium":["https:\/\/elbocon.com.mx\/wp-content\/uploads\/2026\/03\/FB_IMG_1773425595141-200x300.jpg",200,300,true],"medium_large":["https:\/\/elbocon.com.mx\/wp-content\/uploads\/2026\/03\/FB_IMG_1773425595141-768x1152.jpg",640,960,true],"large":["https:\/\/elbocon.com.mx\/wp-content\/uploads\/2026\/03\/FB_IMG_1773425595141-683x1024.jpg",640,960,true],"1536x1536":["https:\/\/elbocon.com.mx\/wp-content\/uploads\/2026\/03\/FB_IMG_1773425595141.jpg",1024,1536,false],"2048x2048":["https:\/\/elbocon.com.mx\/wp-content\/uploads\/2026\/03\/FB_IMG_1773425595141.jpg",1024,1536,false],"covernews-featured":["https:\/\/elbocon.com.mx\/wp-content\/uploads\/2026\/03\/FB_IMG_1773425595141.jpg",1024,1536,false],"covernews-medium":["https:\/\/elbocon.com.mx\/wp-content\/uploads\/2026\/03\/FB_IMG_1773425595141-540x340.jpg",540,340,true]},"author_info":{"info":["EL BOC\u00d3N"]},"category_info":"<a href=\"https:\/\/elbocon.com.mx\/?cat=10\" rel=\"category\">Deportes<\/a>","tag_info":"Deportes","comment_count":"0","_links":{"self":[{"href":"https:\/\/elbocon.com.mx\/index.php?rest_route=\/wp\/v2\/posts\/4463","targetHints":{"allow":["GET"]}}],"collection":[{"href":"https:\/\/elbocon.com.mx\/index.php?rest_route=\/wp\/v2\/posts"}],"about":[{"href":"https:\/\/elbocon.com.mx\/index.php?rest_route=\/wp\/v2\/types\/post"}],"author":[{"embeddable":true,"href":"https:\/\/elbocon.com.mx\/index.php?rest_route=\/wp\/v2\/users\/1"}],"replies":[{"embeddable":true,"href":"https:\/\/elbocon.com.mx\/index.php?rest_route=%2Fwp%2Fv2%2Fcomments&post=4463"}],"version-history":[{"count":1,"href":"https:\/\/elbocon.com.mx\/index.php?rest_route=\/wp\/v2\/posts\/4463\/revisions"}],"predecessor-version":[{"id":4464,"href":"https:\/\/elbocon.com.mx\/index.php?rest_route=\/wp\/v2\/posts\/4463\/revisions\/4464"}],"wp:featuredmedia":[{"embeddable":true,"href":"https:\/\/elbocon.com.mx\/index.php?rest_route=\/wp\/v2\/media\/4462"}],"wp:attachment":[{"href":"https:\/\/elbocon.com.mx\/index.php?rest_route=%2Fwp%2Fv2%2Fmedia&parent=4463"}],"wp:term":[{"taxonomy":"category","embeddable":true,"href":"https:\/\/elbocon.com.mx\/index.php?rest_route=%2Fwp%2Fv2%2Fcategories&post=4463"},{"taxonomy":"post_tag","embeddable":true,"href":"https:\/\/elbocon.com.mx\/index.php?rest_route=%2Fwp%2Fv2%2Ftags&post=4463"}],"curies":[{"name":"wp","href":"https:\/\/api.w.org\/{rel}","templated":true}]}}