{"id":4466,"date":"2026-03-13T12:16:41","date_gmt":"2026-03-13T18:16:41","guid":{"rendered":"https:\/\/elbocon.com.mx\/?p=4466"},"modified":"2026-03-13T12:17:40","modified_gmt":"2026-03-13T18:17:40","slug":"frenan-reforma-electoral-en-san-lazaro-oposicion-celebra-que-se-preserven-los-contrapesos-democraticos","status":"publish","type":"post","link":"https:\/\/elbocon.com.mx\/?p=4466","title":{"rendered":"Frenan reforma electoral en San L\u00e1zaro; oposici\u00f3n celebra que se preserven los contrapesos democr\u00e1ticos"},"content":{"rendered":"\n<p>El BOC\u00d3N<\/p>\n\n\n\n<p>Ciudad de M\u00e9xico.&#8212;&#8212; La propuesta de reforma electoral discutida en el pleno de la C\u00e1mara de Diputados de M\u00e9xico no logr\u00f3 reunir la mayor\u00eda calificada necesaria para modificar la Constituci\u00f3n, por lo que fue desechada durante la sesi\u00f3n celebrada este 11 de marzo.<\/p>\n\n\n\n<p>De acuerdo con el tablero final de votaci\u00f3n, la iniciativa obtuvo 259 votos a favor, 234 votos en contra y una abstenci\u00f3n, cifra insuficiente para alcanzar los 334 votos requeridos para aprobar una reforma constitucional.<\/p>\n\n\n\n<p>Durante el debate legislativo, diputados de diversas bancadas manifestaron su rechazo a la propuesta al considerar que podr\u00eda afectar los contrapesos democr\u00e1ticos del pa\u00eds.<\/p>\n\n\n\n<p>En la votaci\u00f3n final se sumaron votos en contra de legisladores del Partido Acci\u00f3n Nacional, Partido Revolucionario Institucional, Movimiento Ciudadano, as\u00ed como del Partido del Trabajo y del Partido Verde Ecologista de M\u00e9xico, lo que impidi\u00f3 que la iniciativa avanzara.<\/p>\n\n\n\n<p>Tras darse a conocer el resultado, el diputado federal por Hidalgo, Asael Hern\u00e1ndez Cer\u00f3n, celebr\u00f3 que la reforma electoral no haya transitado en el pleno legislativo, al se\u00f1alar que se trataba de una iniciativa que, desde su perspectiva, vulneraba la libertad y la democracia de la poblaci\u00f3n.<\/p>\n\n\n\n<p>El legislador de Tezontepec de Aldama sostuvo que el resultado de la votaci\u00f3n representa un triunfo para la democracia mexicana, ya que \u2014dijo\u2014 se preservan los contrapesos del Estado y se evita la aprobaci\u00f3n de cambios que pudieran concentrar mayor poder en el gobierno.<\/p>\n\n\n\n<p>Asimismo, destac\u00f3 que uno de los planteamientos dentro del debate fue la necesidad de fortalecer las reglas para sancionar a partidos pol\u00edticos que pudieran recibir financiamiento del crimen organizado, como parte de las medidas para proteger la integridad del sistema electoral.<\/p>\n\n\n\n<p>Con este resultado, la iniciativa queda oficialmente desechada en la C\u00e1mara de Diputados, marcando un rev\u00e9s legislativo para el bloque oficialista y manteniendo sin cambios el actual marco constitucional en materia electoral.<\/p>\n","protected":false},"excerpt":{"rendered":"<p>El BOC\u00d3N Ciudad de M\u00e9xico.&#8212;&#8212; La propuesta de reforma electoral discutida en el pleno de&#8230;<\/p>\n","protected":false},"author":1,"featured_media":4465,"comment_status":"open","ping_status":"open","sticky":false,"template":"","format":"standard","meta":{"om_disable_all_campaigns":false,"footnotes":""},"categories":[114],"tags":[1212],"class_list":["post-4466","post","type-post","status-publish","format-standard","has-post-thumbnail","hentry","category-congresos","tag-frenan-reforma-electoral-en-san-lazaro-oposicion-celebra-que-se-preserven-los-contrapesos-democraticos"],"featured_image_urls":{"full":["https:\/\/elbocon.com.mx\/wp-content\/uploads\/2026\/03\/Screenshot_20260313_121714_Google.jpg",1080,829,false],"thumbnail":["https:\/\/elbocon.com.mx\/wp-content\/uploads\/2026\/03\/Screenshot_20260313_121714_Google-150x150.jpg",150,150,true],"medium":["https:\/\/elbocon.com.mx\/wp-content\/uploads\/2026\/03\/Screenshot_20260313_121714_Google-300x230.jpg",300,230,true],"medium_large":["https:\/\/elbocon.com.mx\/wp-content\/uploads\/2026\/03\/Screenshot_20260313_121714_Google-768x590.jpg",640,492,true],"large":["https:\/\/elbocon.com.mx\/wp-content\/uploads\/2026\/03\/Screenshot_20260313_121714_Google-1024x786.jpg",640,491,true],"1536x1536":["https:\/\/elbocon.com.mx\/wp-content\/uploads\/2026\/03\/Screenshot_20260313_121714_Google.jpg",1080,829,false],"2048x2048":["https:\/\/elbocon.com.mx\/wp-content\/uploads\/2026\/03\/Screenshot_20260313_121714_Google.jpg",1080,829,false],"covernews-featured":["https:\/\/elbocon.com.mx\/wp-content\/uploads\/2026\/03\/Screenshot_20260313_121714_Google-1024x786.jpg",1024,786,true],"covernews-medium":["https:\/\/elbocon.com.mx\/wp-content\/uploads\/2026\/03\/Screenshot_20260313_121714_Google-540x340.jpg",540,340,true]},"author_info":{"info":["EL BOC\u00d3N"]},"category_info":"<a href=\"https:\/\/elbocon.com.mx\/?cat=114\" rel=\"category\">CONGRESOS<\/a>","tag_info":"CONGRESOS","comment_count":"0","_links":{"self":[{"href":"https:\/\/elbocon.com.mx\/index.php?rest_route=\/wp\/v2\/posts\/4466","targetHints":{"allow":["GET"]}}],"collection":[{"href":"https:\/\/elbocon.com.mx\/index.php?rest_route=\/wp\/v2\/posts"}],"about":[{"href":"https:\/\/elbocon.com.mx\/index.php?rest_route=\/wp\/v2\/types\/post"}],"author":[{"embeddable":true,"href":"https:\/\/elbocon.com.mx\/index.php?rest_route=\/wp\/v2\/users\/1"}],"replies":[{"embeddable":true,"href":"https:\/\/elbocon.com.mx\/index.php?rest_route=%2Fwp%2Fv2%2Fcomments&post=4466"}],"version-history":[{"count":1,"href":"https:\/\/elbocon.com.mx\/index.php?rest_route=\/wp\/v2\/posts\/4466\/revisions"}],"predecessor-version":[{"id":4467,"href":"https:\/\/elbocon.com.mx\/index.php?rest_route=\/wp\/v2\/posts\/4466\/revisions\/4467"}],"wp:featuredmedia":[{"embeddable":true,"href":"https:\/\/elbocon.com.mx\/index.php?rest_route=\/wp\/v2\/media\/4465"}],"wp:attachment":[{"href":"https:\/\/elbocon.com.mx\/index.php?rest_route=%2Fwp%2Fv2%2Fmedia&parent=4466"}],"wp:term":[{"taxonomy":"category","embeddable":true,"href":"https:\/\/elbocon.com.mx\/index.php?rest_route=%2Fwp%2Fv2%2Fcategories&post=4466"},{"taxonomy":"post_tag","embeddable":true,"href":"https:\/\/elbocon.com.mx\/index.php?rest_route=%2Fwp%2Fv2%2Ftags&post=4466"}],"curies":[{"name":"wp","href":"https:\/\/api.w.org\/{rel}","templated":true}]}}