{"id":4472,"date":"2026-03-16T12:00:38","date_gmt":"2026-03-16T18:00:38","guid":{"rendered":"https:\/\/elbocon.com.mx\/?p=4472"},"modified":"2026-03-16T12:01:16","modified_gmt":"2026-03-16T18:01:16","slug":"morena-asegura-respaldo-del-pt-y-el-verde-avanza-el-plan-b-de-la-reforma-electoral","status":"publish","type":"post","link":"https:\/\/elbocon.com.mx\/?p=4472","title":{"rendered":"Morena asegura respaldo del PT y el Verde; avanza el \u201cPlan B\u201d de la reforma electoral"},"content":{"rendered":"\n<p>EL BOC\u00d3N<\/p>\n\n\n\n<p>Ciudad de M\u00e9xico.&#8212;&#8211; La propuesta conocida como \u201cPlan B\u201d de la reforma electoral impulsada por la presidenta Claudia Sheinbaum podr\u00eda avanzar en el Congreso de la Uni\u00f3n luego de que los partidos aliados de la coalici\u00f3n oficialista, el Partido del Trabajo y el Partido Verde Ecologista de M\u00e9xico, manifestaran su respaldo a la iniciativa promovida por Movimiento Regeneraci\u00f3n Nacional.<\/p>\n\n\n\n<p>Tras diversas negociaciones entre las bancadas, legisladores de los tres partidos coincidieron en impulsar esta alternativa legislativa luego de que la propuesta original de reforma electoral no lograra reunir la mayor\u00eda necesaria para su aprobaci\u00f3n.<\/p>\n\n\n\n<p>El llamado Plan B contempla diversos ajustes al sistema pol\u00edtico, entre ellos la reducci\u00f3n de algunos cargos en los ayuntamientos, recortes al gasto electoral y modificaciones para fortalecer mecanismos de participaci\u00f3n ciudadana.<\/p>\n\n\n\n<p>Con el respaldo del PT y del Partido Verde, Morena busca reunir los votos suficientes para sacar adelante la reforma en el Congreso, por lo que en los pr\u00f3ximos d\u00edas se espera que la iniciativa contin\u00fae su proceso legislativo.<\/p>\n\n\n\n<p>El acuerdo entre los partidos aliados representa un paso clave para que el proyecto avance, en medio del debate pol\u00edtico nacional sobre los cambios que se pretenden realizar al sistema electoral del pa\u00eds.<\/p>\n","protected":false},"excerpt":{"rendered":"<p>EL BOC\u00d3N Ciudad de M\u00e9xico.&#8212;&#8211; La propuesta conocida como \u201cPlan B\u201d de la reforma electoral&#8230;<\/p>\n","protected":false},"author":1,"featured_media":4471,"comment_status":"open","ping_status":"open","sticky":false,"template":"","format":"standard","meta":{"om_disable_all_campaigns":false,"footnotes":""},"categories":[3,114],"tags":[1214],"class_list":["post-4472","post","type-post","status-publish","format-standard","has-post-thumbnail","hentry","category-cdmx","category-congresos","tag-morena-asegura-respaldo-del-pt-y-el-verde-avanza-el-plan-b-de-la-reforma-electoral"],"featured_image_urls":{"full":["https:\/\/elbocon.com.mx\/wp-content\/uploads\/2026\/03\/FB_IMG_1773683961479.jpg",1536,1024,false],"thumbnail":["https:\/\/elbocon.com.mx\/wp-content\/uploads\/2026\/03\/FB_IMG_1773683961479-150x150.jpg",150,150,true],"medium":["https:\/\/elbocon.com.mx\/wp-content\/uploads\/2026\/03\/FB_IMG_1773683961479-300x200.jpg",300,200,true],"medium_large":["https:\/\/elbocon.com.mx\/wp-content\/uploads\/2026\/03\/FB_IMG_1773683961479-768x512.jpg",640,427,true],"large":["https:\/\/elbocon.com.mx\/wp-content\/uploads\/2026\/03\/FB_IMG_1773683961479-1024x683.jpg",640,427,true],"1536x1536":["https:\/\/elbocon.com.mx\/wp-content\/uploads\/2026\/03\/FB_IMG_1773683961479.jpg",1536,1024,false],"2048x2048":["https:\/\/elbocon.com.mx\/wp-content\/uploads\/2026\/03\/FB_IMG_1773683961479.jpg",1536,1024,false],"covernews-featured":["https:\/\/elbocon.com.mx\/wp-content\/uploads\/2026\/03\/FB_IMG_1773683961479-1024x683.jpg",1024,683,true],"covernews-medium":["https:\/\/elbocon.com.mx\/wp-content\/uploads\/2026\/03\/FB_IMG_1773683961479-540x340.jpg",540,340,true]},"author_info":{"info":["EL BOC\u00d3N"]},"category_info":"<a href=\"https:\/\/elbocon.com.mx\/?cat=3\" rel=\"category\">CDMX<\/a> <a href=\"https:\/\/elbocon.com.mx\/?cat=114\" rel=\"category\">CONGRESOS<\/a>","tag_info":"CONGRESOS","comment_count":"0","_links":{"self":[{"href":"https:\/\/elbocon.com.mx\/index.php?rest_route=\/wp\/v2\/posts\/4472","targetHints":{"allow":["GET"]}}],"collection":[{"href":"https:\/\/elbocon.com.mx\/index.php?rest_route=\/wp\/v2\/posts"}],"about":[{"href":"https:\/\/elbocon.com.mx\/index.php?rest_route=\/wp\/v2\/types\/post"}],"author":[{"embeddable":true,"href":"https:\/\/elbocon.com.mx\/index.php?rest_route=\/wp\/v2\/users\/1"}],"replies":[{"embeddable":true,"href":"https:\/\/elbocon.com.mx\/index.php?rest_route=%2Fwp%2Fv2%2Fcomments&post=4472"}],"version-history":[{"count":1,"href":"https:\/\/elbocon.com.mx\/index.php?rest_route=\/wp\/v2\/posts\/4472\/revisions"}],"predecessor-version":[{"id":4473,"href":"https:\/\/elbocon.com.mx\/index.php?rest_route=\/wp\/v2\/posts\/4472\/revisions\/4473"}],"wp:featuredmedia":[{"embeddable":true,"href":"https:\/\/elbocon.com.mx\/index.php?rest_route=\/wp\/v2\/media\/4471"}],"wp:attachment":[{"href":"https:\/\/elbocon.com.mx\/index.php?rest_route=%2Fwp%2Fv2%2Fmedia&parent=4472"}],"wp:term":[{"taxonomy":"category","embeddable":true,"href":"https:\/\/elbocon.com.mx\/index.php?rest_route=%2Fwp%2Fv2%2Fcategories&post=4472"},{"taxonomy":"post_tag","embeddable":true,"href":"https:\/\/elbocon.com.mx\/index.php?rest_route=%2Fwp%2Fv2%2Ftags&post=4472"}],"curies":[{"name":"wp","href":"https:\/\/api.w.org\/{rel}","templated":true}]}}