{"id":4633,"date":"2026-04-29T17:08:56","date_gmt":"2026-04-29T22:08:56","guid":{"rendered":"https:\/\/elbocon.com.mx\/?p=4633"},"modified":"2026-04-29T17:09:21","modified_gmt":"2026-04-29T22:09:21","slug":"acusa-eu-a-gobernador-de-sinaloa-ruben-rocha-de-nexos-con-el-crmen-organizado","status":"publish","type":"post","link":"https:\/\/elbocon.com.mx\/?p=4633","title":{"rendered":"Acusa EU a gobernador de Sinaloa Rub\u00e9n Rocha de nexos con el crmen organizado"},"content":{"rendered":"\n<p>El BOC\u00d3N <\/p>\n\n\n\n<p>Sinaloa.&#8212;&#8211; El gobernador de Sinaloa, Rub\u00e9n Rocha Moya, de Morena, enfrenta una fuerte controversia luego de que autoridades de Estados Unidos presentaran se\u00f1alamientos por presuntos v\u00ednculos con una facci\u00f3n del cr1m3n or. ga n1z4do vinculad0s a una c\u00e9lula de los Ch4pto5.<\/p>\n\n\n\n<p>De acuerdo con reportes internacionales, la acusaci\u00f3n apunta a una supuesta red de protecci\u00f3n pol\u00edtica y posibles beneficios a estos grupos d3l1ct1v05 en un caso que ha generado impacto tanto en M\u00e9xico como en el extranjero.<\/p>\n\n\n\n<p>Hasta el momento, se trata de un proceso l3g4l en curso y no de una sentencia definitiva, por lo que ser\u00e1n las investigaciones y el desarrollo judici4l los que determinen responsabilidades.<\/p>\n\n\n\n<p>El caso ha encendido el debate pol\u00edtico por las posibles implicaciones para Sinaloa y la relaci\u00f3n bilateral entre M\u00e9xico y Estados Unidos en medio de las acusaciones por el caso en Chihuahua y la gobernadora Maru Campos, del PAN y el problema con agentes de la cia que estuvieron en ese estado fronterizo haciendo labores de licencia.<\/p>\n","protected":false},"excerpt":{"rendered":"<p>El BOC\u00d3N Sinaloa.&#8212;&#8211; El gobernador de Sinaloa, Rub\u00e9n Rocha Moya, de Morena, enfrenta una fuerte&#8230;<\/p>\n","protected":false},"author":1,"featured_media":4632,"comment_status":"open","ping_status":"open","sticky":false,"template":"","format":"standard","meta":{"om_disable_all_campaigns":false,"footnotes":""},"categories":[7],"tags":[1269],"class_list":["post-4633","post","type-post","status-publish","format-standard","has-post-thumbnail","hentry","category-nacional","tag-acusa-eu-a-gobernador-de-sinaloa-ruben-rocha-de-nexos-con-el-crmen-organizado"],"featured_image_urls":{"full":["https:\/\/elbocon.com.mx\/wp-content\/uploads\/2026\/04\/FB_IMG_1777500471751.jpg",1000,666,false],"thumbnail":["https:\/\/elbocon.com.mx\/wp-content\/uploads\/2026\/04\/FB_IMG_1777500471751-150x150.jpg",150,150,true],"medium":["https:\/\/elbocon.com.mx\/wp-content\/uploads\/2026\/04\/FB_IMG_1777500471751-300x200.jpg",300,200,true],"medium_large":["https:\/\/elbocon.com.mx\/wp-content\/uploads\/2026\/04\/FB_IMG_1777500471751-768x511.jpg",640,426,true],"large":["https:\/\/elbocon.com.mx\/wp-content\/uploads\/2026\/04\/FB_IMG_1777500471751.jpg",640,426,false],"1536x1536":["https:\/\/elbocon.com.mx\/wp-content\/uploads\/2026\/04\/FB_IMG_1777500471751.jpg",1000,666,false],"2048x2048":["https:\/\/elbocon.com.mx\/wp-content\/uploads\/2026\/04\/FB_IMG_1777500471751.jpg",1000,666,false],"covernews-featured":["https:\/\/elbocon.com.mx\/wp-content\/uploads\/2026\/04\/FB_IMG_1777500471751.jpg",1000,666,false],"covernews-medium":["https:\/\/elbocon.com.mx\/wp-content\/uploads\/2026\/04\/FB_IMG_1777500471751-540x340.jpg",540,340,true]},"author_info":{"info":["EL BOC\u00d3N"]},"category_info":"<a href=\"https:\/\/elbocon.com.mx\/?cat=7\" rel=\"category\">Nacional<\/a>","tag_info":"Nacional","comment_count":"0","_links":{"self":[{"href":"https:\/\/elbocon.com.mx\/index.php?rest_route=\/wp\/v2\/posts\/4633","targetHints":{"allow":["GET"]}}],"collection":[{"href":"https:\/\/elbocon.com.mx\/index.php?rest_route=\/wp\/v2\/posts"}],"about":[{"href":"https:\/\/elbocon.com.mx\/index.php?rest_route=\/wp\/v2\/types\/post"}],"author":[{"embeddable":true,"href":"https:\/\/elbocon.com.mx\/index.php?rest_route=\/wp\/v2\/users\/1"}],"replies":[{"embeddable":true,"href":"https:\/\/elbocon.com.mx\/index.php?rest_route=%2Fwp%2Fv2%2Fcomments&post=4633"}],"version-history":[{"count":1,"href":"https:\/\/elbocon.com.mx\/index.php?rest_route=\/wp\/v2\/posts\/4633\/revisions"}],"predecessor-version":[{"id":4634,"href":"https:\/\/elbocon.com.mx\/index.php?rest_route=\/wp\/v2\/posts\/4633\/revisions\/4634"}],"wp:featuredmedia":[{"embeddable":true,"href":"https:\/\/elbocon.com.mx\/index.php?rest_route=\/wp\/v2\/media\/4632"}],"wp:attachment":[{"href":"https:\/\/elbocon.com.mx\/index.php?rest_route=%2Fwp%2Fv2%2Fmedia&parent=4633"}],"wp:term":[{"taxonomy":"category","embeddable":true,"href":"https:\/\/elbocon.com.mx\/index.php?rest_route=%2Fwp%2Fv2%2Fcategories&post=4633"},{"taxonomy":"post_tag","embeddable":true,"href":"https:\/\/elbocon.com.mx\/index.php?rest_route=%2Fwp%2Fv2%2Ftags&post=4633"}],"curies":[{"name":"wp","href":"https:\/\/api.w.org\/{rel}","templated":true}]}}