{"id":4643,"date":"2026-04-29T17:14:37","date_gmt":"2026-04-29T22:14:37","guid":{"rendered":"https:\/\/elbocon.com.mx\/?p=4643"},"modified":"2026-04-29T17:14:53","modified_gmt":"2026-04-29T22:14:53","slug":"miguel-tello-recoge-en-panales-proyectos-clave-para-detonar-desarrollo-y-vivienda-en-ixmiquilpan","status":"publish","type":"post","link":"https:\/\/elbocon.com.mx\/?p=4643","title":{"rendered":"Miguel Tello recoge en Panales proyectos clave para detonar desarrollo y vivienda en Ixmiquilpan"},"content":{"rendered":"\n<p>El BOC\u00d3N <\/p>\n\n\n\n<p>Ixmiquilpan.&#8212;&#8211;En una visita de trabajo a la comunidad de Panales, en el municipio de Ixmiquilpan, Miguel Tello, titular de la Unidad de Planeaci\u00f3n y Prospectiva del Gobierno de Hidalgo, sostuvo un encuentro con autoridades comunitarias para conocer de primera mano una serie de proyectos estrat\u00e9gicos que buscan fortalecer el desarrollo econ\u00f3mico, social y urbano de la regi\u00f3n.<\/p>\n\n\n\n<p>La reuni\u00f3n se llev\u00f3 a cabo por invitaci\u00f3n del delegado y del comisariado de Panales, quienes presentaron propuestas enfocadas en atender necesidades prioritarias de la comunidad, entre ellas la creaci\u00f3n de una central de abastos, una central de autobuses y la donaci\u00f3n de un predio para integrarlo al programa Vivienda para el Bienestar.<\/p>\n\n\n\n<p>Durante el recorrido y di\u00e1logo con representantes locales, se destac\u00f3 la importancia de construir proyectos desde el territorio, escuchando directamente a quienes conocen las necesidades y el potencial de sus comunidades, con el objetivo de impulsar acciones m\u00e1s eficaces y con verdadero impacto social.<\/p>\n\n\n\n<p>Miguel Tello subray\u00f3 que la planeaci\u00f3n con visi\u00f3n comunitaria permite dise\u00f1ar estrategias m\u00e1s cercanas a la realidad de cada regi\u00f3n, fortaleciendo el desarrollo ordenado y generando mejores oportunidades para las familias hidalguenses.<\/p>\n\n\n\n<p>La propuesta de una central de abastos busca convertirse en un motor econ\u00f3mico para productores y comerciantes locales, mientras que la central de autobuses representa una alternativa para mejorar la conectividad y movilidad de la zona.<\/p>\n\n\n\n<p>A ello se suma la iniciativa de vivienda, considerada un paso importante para ampliar el acceso a espacios dignos para las familias de Panales.<\/p>\n\n\n\n<p>Con este acercamiento, el Gobierno de Hidalgo reafirma la importancia de escuchar a las comunidades como base para la construcci\u00f3n de pol\u00edticas p\u00fablicas y proyectos que respondan a las verdaderas demandas sociales, apostando por un desarrollo planeado de la mano de la ciudadan\u00eda.<\/p>\n","protected":false},"excerpt":{"rendered":"<p>El BOC\u00d3N Ixmiquilpan.&#8212;&#8211;En una visita de trabajo a la comunidad de Panales, en el municipio&#8230;<\/p>\n","protected":false},"author":1,"featured_media":4642,"comment_status":"open","ping_status":"open","sticky":false,"template":"","format":"standard","meta":{"om_disable_all_campaigns":false,"footnotes":""},"categories":[22],"tags":[1273],"class_list":["post-4643","post","type-post","status-publish","format-standard","has-post-thumbnail","hentry","category-ixmiquilpan","tag-miguel-tello-recoge-en-panales-proyectos-clave-para-detonar-desarrollo-y-vivienda-en-ixmiquilpan"],"featured_image_urls":{"full":["https:\/\/elbocon.com.mx\/wp-content\/uploads\/2026\/04\/FB_IMG_1777500838217.jpg",1440,962,false],"thumbnail":["https:\/\/elbocon.com.mx\/wp-content\/uploads\/2026\/04\/FB_IMG_1777500838217-150x150.jpg",150,150,true],"medium":["https:\/\/elbocon.com.mx\/wp-content\/uploads\/2026\/04\/FB_IMG_1777500838217-300x200.jpg",300,200,true],"medium_large":["https:\/\/elbocon.com.mx\/wp-content\/uploads\/2026\/04\/FB_IMG_1777500838217-768x513.jpg",640,428,true],"large":["https:\/\/elbocon.com.mx\/wp-content\/uploads\/2026\/04\/FB_IMG_1777500838217-1024x684.jpg",640,428,true],"1536x1536":["https:\/\/elbocon.com.mx\/wp-content\/uploads\/2026\/04\/FB_IMG_1777500838217.jpg",1440,962,false],"2048x2048":["https:\/\/elbocon.com.mx\/wp-content\/uploads\/2026\/04\/FB_IMG_1777500838217.jpg",1440,962,false],"covernews-featured":["https:\/\/elbocon.com.mx\/wp-content\/uploads\/2026\/04\/FB_IMG_1777500838217-1024x684.jpg",1024,684,true],"covernews-medium":["https:\/\/elbocon.com.mx\/wp-content\/uploads\/2026\/04\/FB_IMG_1777500838217-540x340.jpg",540,340,true]},"author_info":{"info":["EL BOC\u00d3N"]},"category_info":"<a href=\"https:\/\/elbocon.com.mx\/?cat=22\" rel=\"category\">Ixmiquilp\u00e1n<\/a>","tag_info":"Ixmiquilp\u00e1n","comment_count":"0","_links":{"self":[{"href":"https:\/\/elbocon.com.mx\/index.php?rest_route=\/wp\/v2\/posts\/4643","targetHints":{"allow":["GET"]}}],"collection":[{"href":"https:\/\/elbocon.com.mx\/index.php?rest_route=\/wp\/v2\/posts"}],"about":[{"href":"https:\/\/elbocon.com.mx\/index.php?rest_route=\/wp\/v2\/types\/post"}],"author":[{"embeddable":true,"href":"https:\/\/elbocon.com.mx\/index.php?rest_route=\/wp\/v2\/users\/1"}],"replies":[{"embeddable":true,"href":"https:\/\/elbocon.com.mx\/index.php?rest_route=%2Fwp%2Fv2%2Fcomments&post=4643"}],"version-history":[{"count":1,"href":"https:\/\/elbocon.com.mx\/index.php?rest_route=\/wp\/v2\/posts\/4643\/revisions"}],"predecessor-version":[{"id":4644,"href":"https:\/\/elbocon.com.mx\/index.php?rest_route=\/wp\/v2\/posts\/4643\/revisions\/4644"}],"wp:featuredmedia":[{"embeddable":true,"href":"https:\/\/elbocon.com.mx\/index.php?rest_route=\/wp\/v2\/media\/4642"}],"wp:attachment":[{"href":"https:\/\/elbocon.com.mx\/index.php?rest_route=%2Fwp%2Fv2%2Fmedia&parent=4643"}],"wp:term":[{"taxonomy":"category","embeddable":true,"href":"https:\/\/elbocon.com.mx\/index.php?rest_route=%2Fwp%2Fv2%2Fcategories&post=4643"},{"taxonomy":"post_tag","embeddable":true,"href":"https:\/\/elbocon.com.mx\/index.php?rest_route=%2Fwp%2Fv2%2Ftags&post=4643"}],"curies":[{"name":"wp","href":"https:\/\/api.w.org\/{rel}","templated":true}]}}