{"id":4649,"date":"2026-04-30T20:35:46","date_gmt":"2026-05-01T01:35:46","guid":{"rendered":"https:\/\/elbocon.com.mx\/?p=4649"},"modified":"2026-04-30T20:36:19","modified_gmt":"2026-05-01T01:36:19","slug":"cae-el-jardinero-aspirabasuplir-a-el-mencho","status":"publish","type":"post","link":"https:\/\/elbocon.com.mx\/?p=4649","title":{"rendered":"Cae \u201cEl Jardinero; aspirabasuplir a \u00abEl Mencho\u00bb"},"content":{"rendered":"\n<p>MARCOS H. VALERIO <br><br><br>En una operaci\u00f3n quir\u00fargica, planeada, desarrollada y ejecutada con precisi\u00f3n militar por la Secretar\u00eda de Marina (SEMAR) a trav\u00e9s de sus Fuerzas Especiales, fue detenido en el estado de Nayarit, Audias Flores Silva, alias \u201cEl Jardinero\u201d, uno de los operadores m\u00e1s importantes y peligrosos del C\u00e1rtel Jalisco Nueva Generaci\u00f3n (CJNG), inform\u00f3 el Secretario de Seguridad y Protecci\u00f3n Ciudadana (SSPC), Omar Garc\u00eda Harfuch.<br><br>La captura representa un duro golpe a la estructura del c\u00e1rtel, especialmente tras la reciente ca\u00edda de su l\u00edder hist\u00f3rico Nemesio Oseguera Cervantes, \u201cEl Mencho\u201d. Flores Silva era se\u00f1alado por autoridades mexicanas y estadounidenses como un posible sucesor o figura clave en la reorganizaci\u00f3n del grupo criminal.<br><br> \u00bfQUI\u00c9N ES \u201cEL JARDINERO\u201d?<br>Audias Flores Silva, originario de Huetamo, Michoac\u00e1n (nacido el 19 de noviembre de 1980), acumulaba m\u00faltiples alias: \u201cEl Comandante\u201d, \u201cEl Bravo 2\u201d, \u201cAudi\u201d, \u201cMata Jefes\u201d y Gabriel Raigosa Plascencia.<br><br> Seg\u00fan investigaciones de la DEA y el Departamento de Estado de Estados Unidos, se trataba de un comandante regional del CJNG con control sobre amplias zonas del Pac\u00edfico mexicano, incluyendo Nayarit, Jalisco, Zacatecas, Michoac\u00e1n y Guerrero.<br><br>Se le atribu\u00eda la coordinaci\u00f3n de:<br>&#8211; Producci\u00f3n y trasiego de metanfetaminas y otras drogas sint\u00e9ticas hacia Estados Unidos.<br>&#8211; Supervisi\u00f3n de laboratorios clandestinos.<br>&#8211; Protecci\u00f3n armada de l\u00edderes.<br>&#8211; Actividades de extorsi\u00f3n, secuestros y disputas territoriales contra grupos rivales.<br><br>Su apodo \u201cEl Jardinero\u201d ha sido relacionado en versiones period\u00edsticas con pr\u00e1cticas violentas atribuidas al c\u00e1rtel, como el \u201csembrado\u201d de cuerpos en zonas rurales.<br><br>RECOMPENSA MILLONARIA Y \u00d3RDENES DE CAPTURA <br><br>El gobierno de Estados Unidos ofrec\u00eda una recompensa de hasta 5 millones de d\u00f3lares por informaci\u00f3n que condujera a su arresto y\/o condena. Flores Silva enfrentaba una acusaci\u00f3n formal en la Corte Federal del Distrito de Columbia por conspiraci\u00f3n para distribuir cinco kilogramos o m\u00e1s de coca\u00edna y un kilogramo o m\u00e1s de hero\u00edna con destino a territorio estadounidense, adem\u00e1s de cargos relacionados con el uso de armas de fuego en delitos de narcotr\u00e1fico.<br><br>En M\u00e9xico contaba con orden de aprehensi\u00f3n vigente y era requerido para extradici\u00f3n por las autoridades estadounidenses. Era considerado un objetivo de alta prioridad, clasificado como armado y extremadamente peligroso.<br><br> ESCAPES Y OPERACIONES FALLIDAS <br>\u201cEl Jardinero\u201d no era un desconocido para las fuerzas de seguridad. En 2016 ya hab\u00eda sido detenido en Bah\u00eda de Banderas, Nayarit, por su presunta participaci\u00f3n en la producci\u00f3n y trasiego de drogas en la regi\u00f3n occidente. <br><br>Posteriormente recuper\u00f3 la libertad. En noviembre de 2023, la SEMAR estuvo cerca de capturarlo en un operativo en Zapopan, Jalisco, donde logr\u00f3 escapar, aunque se liber\u00f3 a una v\u00edctima de secuestro.<br><br>Su nombre tambi\u00e9n hab\u00eda sido vinculado a emboscadas contra fuerzas de seguridad y al control de plazas clave en Nayarit, como Ixtl\u00e1n del R\u00edo y municipios aleda\u00f1os.<br><br> REACCIONES Y CONTEXTO <br>La detenci\u00f3n fue confirmada por fuentes oficiales de seguridad, incluyendo menciones del titular de la Secretar\u00eda de Seguridad y Protecci\u00f3n Ciudadana. <br><br>Se trata de un \u00e9xito para las Fuerzas Especiales de la Marina, que han intensificado operaciones contra los mandos medios y altos del CJNG en la regi\u00f3n del Pac\u00edfico.<br><br>Autoridades indicaron que se continuar\u00e1 informando sobre los detalles del operativo y posibles decomisos o detenciones adicionales relacionadas.<br><br>Este golpe se suma a una serie de acciones recientes contra la c\u00fapula del c\u00e1rtel y podr\u00eda generar movimientos internos en la reorganizaci\u00f3n de la organizaci\u00f3n criminal.<\/p>\n","protected":false},"excerpt":{"rendered":"<p>MARCOS H. VALERIO En una operaci\u00f3n quir\u00fargica, planeada, desarrollada y ejecutada con precisi\u00f3n militar por&#8230;<\/p>\n","protected":false},"author":1,"featured_media":4648,"comment_status":"open","ping_status":"open","sticky":false,"template":"","format":"standard","meta":{"om_disable_all_campaigns":false,"footnotes":""},"categories":[7],"tags":[1275],"class_list":["post-4649","post","type-post","status-publish","format-standard","has-post-thumbnail","hentry","category-nacional","tag-cae-el-jardinero-aspiraba-suplir-a-el-mencho"],"featured_image_urls":{"full":["https:\/\/elbocon.com.mx\/wp-content\/uploads\/2026\/04\/Screenshot_20260430_115606_Gallery.jpg",1080,1022,false],"thumbnail":["https:\/\/elbocon.com.mx\/wp-content\/uploads\/2026\/04\/Screenshot_20260430_115606_Gallery-150x150.jpg",150,150,true],"medium":["https:\/\/elbocon.com.mx\/wp-content\/uploads\/2026\/04\/Screenshot_20260430_115606_Gallery-300x284.jpg",300,284,true],"medium_large":["https:\/\/elbocon.com.mx\/wp-content\/uploads\/2026\/04\/Screenshot_20260430_115606_Gallery-768x727.jpg",640,606,true],"large":["https:\/\/elbocon.com.mx\/wp-content\/uploads\/2026\/04\/Screenshot_20260430_115606_Gallery-1024x969.jpg",640,606,true],"1536x1536":["https:\/\/elbocon.com.mx\/wp-content\/uploads\/2026\/04\/Screenshot_20260430_115606_Gallery.jpg",1080,1022,false],"2048x2048":["https:\/\/elbocon.com.mx\/wp-content\/uploads\/2026\/04\/Screenshot_20260430_115606_Gallery.jpg",1080,1022,false],"covernews-featured":["https:\/\/elbocon.com.mx\/wp-content\/uploads\/2026\/04\/Screenshot_20260430_115606_Gallery-1024x969.jpg",1024,969,true],"covernews-medium":["https:\/\/elbocon.com.mx\/wp-content\/uploads\/2026\/04\/Screenshot_20260430_115606_Gallery-540x340.jpg",540,340,true]},"author_info":{"info":["EL BOC\u00d3N"]},"category_info":"<a href=\"https:\/\/elbocon.com.mx\/?cat=7\" rel=\"category\">Nacional<\/a>","tag_info":"Nacional","comment_count":"0","_links":{"self":[{"href":"https:\/\/elbocon.com.mx\/index.php?rest_route=\/wp\/v2\/posts\/4649","targetHints":{"allow":["GET"]}}],"collection":[{"href":"https:\/\/elbocon.com.mx\/index.php?rest_route=\/wp\/v2\/posts"}],"about":[{"href":"https:\/\/elbocon.com.mx\/index.php?rest_route=\/wp\/v2\/types\/post"}],"author":[{"embeddable":true,"href":"https:\/\/elbocon.com.mx\/index.php?rest_route=\/wp\/v2\/users\/1"}],"replies":[{"embeddable":true,"href":"https:\/\/elbocon.com.mx\/index.php?rest_route=%2Fwp%2Fv2%2Fcomments&post=4649"}],"version-history":[{"count":1,"href":"https:\/\/elbocon.com.mx\/index.php?rest_route=\/wp\/v2\/posts\/4649\/revisions"}],"predecessor-version":[{"id":4650,"href":"https:\/\/elbocon.com.mx\/index.php?rest_route=\/wp\/v2\/posts\/4649\/revisions\/4650"}],"wp:featuredmedia":[{"embeddable":true,"href":"https:\/\/elbocon.com.mx\/index.php?rest_route=\/wp\/v2\/media\/4648"}],"wp:attachment":[{"href":"https:\/\/elbocon.com.mx\/index.php?rest_route=%2Fwp%2Fv2%2Fmedia&parent=4649"}],"wp:term":[{"taxonomy":"category","embeddable":true,"href":"https:\/\/elbocon.com.mx\/index.php?rest_route=%2Fwp%2Fv2%2Fcategories&post=4649"},{"taxonomy":"post_tag","embeddable":true,"href":"https:\/\/elbocon.com.mx\/index.php?rest_route=%2Fwp%2Fv2%2Ftags&post=4649"}],"curies":[{"name":"wp","href":"https:\/\/api.w.org\/{rel}","templated":true}]}}